{"id":10643,"date":"2025-08-04T14:36:58","date_gmt":"2025-08-04T14:36:58","guid":{"rendered":"https:\/\/www.marbella.gr\/?p=10643"},"modified":"2025-08-06T08:12:40","modified_gmt":"2025-08-06T08:12:40","slug":"reuse-repurpose-donate","status":"publish","type":"post","link":"https:\/\/www.marbella.gr\/de\/reuse-repurpose-donate\/","title":{"rendered":"Wiederverwenden, umfunktionieren, spenden"},"content":{"rendered":"<p>Wir arbeiten aktiv mit lokalen Organisationen zusammen, um gebrauchten Gegenst\u00e4nden eine zweite Chance zu geben. Ob es sich um M\u00f6bel, Textilien oder nie abgeholte Fundsachen handelt, unser Ziel ist es, brauchbare Waren vor der M\u00fclldeponie zu bewahren und ihnen eine l\u00e4ngere Lebensdauer zu geben, w\u00e4hrend wir gleichzeitig der \u00f6rtlichen Gemeinschaft helfen.<\/p>","protected":false},"excerpt":{"rendered":"<p>We actively connect with local organisations to give pre-loved items a second chance. Whether it&#8217;s furniture, textiles, or never claimed lost and found items, our goal is to keep usable goods out of landfill and give them a longer lifespan while helping the local community. [&#8230;]<\/p>\n<p><a class=\"btn btn-secondary understrap-read-more-link\" href=\"https:\/\/www.marbella.gr\/de\/reuse-repurpose-donate\/\">Read More&#8230;<span class=\"screen-reader-text\"> from Reuse, repurpose, donate<\/span><\/a><\/p>\n","protected":false},"author":16,"featured_media":0,"comment_status":"closed","ping_status":"closed","sticky":false,"template":"","format":"standard","meta":{"_acf_changed":false,"footnotes":""},"categories":[1],"tags":[],"class_list":["post-10643","post","type-post","status-publish","format-standard","hentry","category-uncategorized"],"acf":[],"yoast_head":"<!-- This site is optimized with the Yoast SEO plugin v27.4 - https:\/\/yoast.com\/product\/yoast-seo-wordpress\/ -->\n<title>Reuse, repurpose, donate - Mar-Bella Collection<\/title>\n<meta name=\"robots\" content=\"index, follow, max-snippet:-1, max-image-preview:large, max-video-preview:-1\" \/>\n<link rel=\"canonical\" href=\"https:\/\/www.marbella.gr\/de\/reuse-repurpose-donate\/\" \/>\n<meta property=\"og:locale\" content=\"de_DE\" \/>\n<meta property=\"og:type\" content=\"article\" \/>\n<meta property=\"og:title\" content=\"Reuse, repurpose, donate - Mar-Bella Collection\" \/>\n<meta property=\"og:description\" content=\"We actively connect with local organisations to give pre-loved items a second chance. Whether it&#8217;s furniture, textiles, or never claimed lost and found items, our goal is to keep usable goods out of landfill and give them a longer lifespan while helping the local community. [...]Read More... from Reuse, repurpose, donate\" \/>\n<meta property=\"og:url\" content=\"https:\/\/www.marbella.gr\/de\/reuse-repurpose-donate\/\" \/>\n<meta property=\"og:site_name\" content=\"Mar-Bella Collection\" \/>\n<meta property=\"article:published_time\" content=\"2025-08-04T14:36:58+00:00\" \/>\n<meta property=\"article:modified_time\" content=\"2025-08-06T08:12:40+00:00\" \/>\n<meta property=\"og:image\" content=\"https:\/\/www.marbella.gr\/app\/uploads\/2024\/05\/Elix_Water-Sports-2-scaled.jpg\" \/>\n\t<meta property=\"og:image:width\" content=\"2560\" \/>\n\t<meta property=\"og:image:height\" content=\"1705\" \/>\n\t<meta property=\"og:image:type\" content=\"image\/jpeg\" \/>\n<meta name=\"author\" content=\"Rafaella Mygiaki\" \/>\n<meta name=\"twitter:card\" content=\"summary_large_image\" \/>\n<meta name=\"twitter:label1\" content=\"Verfasst von\" \/>\n\t<meta name=\"twitter:data1\" content=\"Rafaella Mygiaki\" \/>\n\t<meta name=\"twitter:label2\" content=\"Gesch\u00e4tzte Lesezeit\" \/>\n\t<meta name=\"twitter:data2\" content=\"1\u00a0Minute\" \/>\n<!-- \/ Yoast SEO plugin. -->","yoast_head_json":{"title":"Wiederverwenden, wiederverwenden, spenden - Mar-Bella Collection","robots":{"index":"index","follow":"follow","max-snippet":"max-snippet:-1","max-image-preview":"max-image-preview:large","max-video-preview":"max-video-preview:-1"},"canonical":"https:\/\/www.marbella.gr\/de\/reuse-repurpose-donate\/","og_locale":"de_DE","og_type":"article","og_title":"Reuse, repurpose, donate - Mar-Bella Collection","og_description":"We actively connect with local organisations to give pre-loved items a second chance. Whether it&#8217;s furniture, textiles, or never claimed lost and found items, our goal is to keep usable goods out of landfill and give them a longer lifespan while helping the local community. [...]Read More... from Reuse, repurpose, donate","og_url":"https:\/\/www.marbella.gr\/de\/reuse-repurpose-donate\/","og_site_name":"Mar-Bella Collection","article_published_time":"2025-08-04T14:36:58+00:00","article_modified_time":"2025-08-06T08:12:40+00:00","og_image":[{"width":2560,"height":1705,"url":"https:\/\/www.marbella.gr\/app\/uploads\/2024\/05\/Elix_Water-Sports-2-scaled.jpg","type":"image\/jpeg"}],"author":"Rafaella Mygiaki","twitter_card":"summary_large_image","twitter_misc":{"Verfasst von":"Rafaella Mygiaki","Gesch\u00e4tzte Lesezeit":"1\u00a0Minute"},"schema":{"@context":"https:\/\/schema.org","@graph":[{"@type":"Article","@id":"https:\/\/www.marbella.gr\/reuse-repurpose-donate\/#article","isPartOf":{"@id":"https:\/\/www.marbella.gr\/reuse-repurpose-donate\/"},"author":{"name":"Rafaella Mygiaki","@id":"https:\/\/www.marbella.gr\/#\/schema\/person\/40b0d3b74509934ff3e36aebb83d602f"},"headline":"Reuse, repurpose, donate","datePublished":"2025-08-04T14:36:58+00:00","dateModified":"2025-08-06T08:12:40+00:00","mainEntityOfPage":{"@id":"https:\/\/www.marbella.gr\/reuse-repurpose-donate\/"},"wordCount":49,"publisher":{"@id":"https:\/\/www.marbella.gr\/#organization"},"articleSection":["Uncategorized"],"inLanguage":"de"},{"@type":"WebPage","@id":"https:\/\/www.marbella.gr\/reuse-repurpose-donate\/","url":"https:\/\/www.marbella.gr\/reuse-repurpose-donate\/","name":"Wiederverwenden, wiederverwenden, spenden - Mar-Bella Collection","isPartOf":{"@id":"https:\/\/www.marbella.gr\/#website"},"datePublished":"2025-08-04T14:36:58+00:00","dateModified":"2025-08-06T08:12:40+00:00","breadcrumb":{"@id":"https:\/\/www.marbella.gr\/reuse-repurpose-donate\/#breadcrumb"},"inLanguage":"de","potentialAction":[{"@type":"ReadAction","target":["https:\/\/www.marbella.gr\/reuse-repurpose-donate\/"]}]},{"@type":"BreadcrumbList","@id":"https:\/\/www.marbella.gr\/reuse-repurpose-donate\/#breadcrumb","itemListElement":[{"@type":"ListItem","position":1,"name":"Home","item":"https:\/\/www.marbella.gr\/"},{"@type":"ListItem","position":2,"name":"Reuse, repurpose, donate"}]},{"@type":"WebSite","@id":"https:\/\/www.marbella.gr\/#website","url":"https:\/\/www.marbella.gr\/","name":"MarBella","description":"Eine Familie von Hotels, die Sie mit dem wundersch\u00f6nen Ionischen Meer verbindet","publisher":{"@id":"https:\/\/www.marbella.gr\/#organization"},"alternateName":"MarBella","potentialAction":[{"@type":"SearchAction","target":{"@type":"EntryPoint","urlTemplate":"https:\/\/www.marbella.gr\/?s={search_term_string}"},"query-input":{"@type":"PropertyValueSpecification","valueRequired":true,"valueName":"search_term_string"}}],"inLanguage":"de"},{"@type":"Organization","@id":"https:\/\/www.marbella.gr\/#organization","name":"MarBella","url":"https:\/\/www.marbella.gr\/","logo":{"@type":"ImageObject","inLanguage":"de","@id":"https:\/\/www.marbella.gr\/#\/schema\/logo\/image\/","url":"https:\/\/www.marbella.gr\/app\/uploads\/2023\/06\/Marbella-collection.png","contentUrl":"https:\/\/www.marbella.gr\/app\/uploads\/2023\/06\/Marbella-collection.png","width":230,"height":75,"caption":"MarBella"},"image":{"@id":"https:\/\/www.marbella.gr\/#\/schema\/logo\/image\/"}},{"@type":"Person","@id":"https:\/\/www.marbella.gr\/#\/schema\/person\/40b0d3b74509934ff3e36aebb83d602f","name":"Rafaella Mygiaki","image":{"@type":"ImageObject","inLanguage":"de","@id":"https:\/\/secure.gravatar.com\/avatar\/e871a4849b8cab659d28a19af33e46b7a59676d500457d3bc256af124d877ad7?s=96&d=mm&r=g","url":"https:\/\/secure.gravatar.com\/avatar\/e871a4849b8cab659d28a19af33e46b7a59676d500457d3bc256af124d877ad7?s=96&d=mm&r=g","contentUrl":"https:\/\/secure.gravatar.com\/avatar\/e871a4849b8cab659d28a19af33e46b7a59676d500457d3bc256af124d877ad7?s=96&d=mm&r=g","caption":"Rafaella Mygiaki"},"url":"https:\/\/www.marbella.gr\/de\/author\/mygiaki\/"}]}},"_links":{"self":[{"href":"https:\/\/www.marbella.gr\/de\/wp-json\/wp\/v2\/posts\/10643","targetHints":{"allow":["GET"]}}],"collection":[{"href":"https:\/\/www.marbella.gr\/de\/wp-json\/wp\/v2\/posts"}],"about":[{"href":"https:\/\/www.marbella.gr\/de\/wp-json\/wp\/v2\/types\/post"}],"author":[{"embeddable":true,"href":"https:\/\/www.marbella.gr\/de\/wp-json\/wp\/v2\/users\/16"}],"replies":[{"embeddable":true,"href":"https:\/\/www.marbella.gr\/de\/wp-json\/wp\/v2\/comments?post=10643"}],"version-history":[{"count":3,"href":"https:\/\/www.marbella.gr\/de\/wp-json\/wp\/v2\/posts\/10643\/revisions"}],"predecessor-version":[{"id":10702,"href":"https:\/\/www.marbella.gr\/de\/wp-json\/wp\/v2\/posts\/10643\/revisions\/10702"}],"wp:attachment":[{"href":"https:\/\/www.marbella.gr\/de\/wp-json\/wp\/v2\/media?parent=10643"}],"wp:term":[{"taxonomy":"category","embeddable":true,"href":"https:\/\/www.marbella.gr\/de\/wp-json\/wp\/v2\/categories?post=10643"},{"taxonomy":"post_tag","embeddable":true,"href":"https:\/\/www.marbella.gr\/de\/wp-json\/wp\/v2\/tags?post=10643"}],"curies":[{"name":"wp","href":"https:\/\/api.w.org\/{rel}","templated":true}]}}