{"id":9051,"date":"2024-12-23T10:04:02","date_gmt":"2024-12-23T10:04:02","guid":{"rendered":"https:\/\/www.marbella.gr\/?p=9051"},"modified":"2025-02-06T11:52:53","modified_gmt":"2025-02-06T11:52:53","slug":"greek-chefs-abroad-v","status":"publish","type":"post","link":"https:\/\/www.marbella.gr\/de\/greek-chefs-abroad-v\/","title":{"rendered":"Griechische K\u00f6che im Ausland V"},"content":{"rendered":"<p>Das kulinarische Festival \"Griechische K\u00f6che im Ausland\" von Mar-Bella Collections findet bereits zum f\u00fcnften Mal an den Ufern des Ionischen Meeres statt!<\/p>\n<p>Die schmackhaften Abenteuer unserer Serie Griechische K\u00f6che im Ausland waren bei G\u00e4sten und Medien gleicherma\u00dfen ein gro\u00dfer Erfolg, und die hochkar\u00e4tigen Gastk\u00f6che sowie unsere hauseigenen Teams sind bereit, Ihre Geschmacksnerven in diesem Sommer in jedem unserer Hotels zu begeistern.<\/p>\n<p>Die <em>Griechische K\u00f6che im Ausland<\/em> hat G\u00e4ste und Medien gleicherma\u00dfen in ihren Bann gezogen und bietet eine au\u00dfergew\u00f6hnliche Auswahl an renommierten Gastk\u00f6chen, die mit unseren qualifizierten internen Teams zusammenarbeiten. Machen Sie sich bereit f\u00fcr eine unvergessliche kulinarische Reise durch unsere Hotels in diesem Sommer. Bleiben Sie dran - weitere k\u00f6stliche Details folgen in K\u00fcrze!<\/p>\n<p>&nbsp;<\/p>\n<p>Highlights aus dem Vorjahr anzeigen <a href=\"https:\/\/www.marbella.gr\/de\/greek-chefs-abroad\/\" target=\"_blank\" rel=\"noopener\"><strong>hier<\/strong><\/a><\/p>","protected":false},"excerpt":{"rendered":"<p>Greek Chefs Abroad culinary festival by Mar-Bella Collections is back for its fifth year in the shores of the Ionian Sea! The tasty adventures of our Greek Chefs Abroad series has been a big hit with guests and media alike, and the starred line up of guest chefs together with our in-house teams are all-set [&#8230;]<\/p>\n<p><a class=\"btn btn-secondary understrap-read-more-link\" href=\"https:\/\/www.marbella.gr\/de\/greek-chefs-abroad-v\/\">Read More&#8230;<span class=\"screen-reader-text\"> from Greek Chefs Abroad V<\/span><\/a><\/p>\n","protected":false},"author":16,"featured_media":9052,"comment_status":"closed","ping_status":"closed","sticky":false,"template":"","format":"standard","meta":{"_acf_changed":false,"footnotes":""},"categories":[1],"tags":[],"class_list":["post-9051","post","type-post","status-publish","format-standard","has-post-thumbnail","hentry","category-uncategorized"],"acf":[],"yoast_head":"<!-- This site is optimized with the Yoast SEO plugin v27.5 - https:\/\/yoast.com\/product\/yoast-seo-wordpress\/ -->\n<title>Greek Chefs Abroad V - Mar-Bella Collection<\/title>\n<meta name=\"description\" content=\"Greek Chefs Abroad culinary festival by Mar-Bella Collections is back for its fifth year in the shores of the Ionias Sea!\" \/>\n<meta name=\"robots\" content=\"index, follow, max-snippet:-1, max-image-preview:large, max-video-preview:-1\" \/>\n<link rel=\"canonical\" href=\"https:\/\/www.marbella.gr\/de\/greek-chefs-abroad-v\/\" \/>\n<meta property=\"og:locale\" content=\"de_DE\" \/>\n<meta property=\"og:type\" content=\"article\" \/>\n<meta property=\"og:title\" content=\"Greek Chefs Abroad V - Mar-Bella Collection\" \/>\n<meta property=\"og:description\" content=\"Greek Chefs Abroad culinary festival by Mar-Bella Collections is back for its fifth year in the shores of the Ionias Sea!\" \/>\n<meta property=\"og:url\" content=\"https:\/\/www.marbella.gr\/de\/greek-chefs-abroad-v\/\" \/>\n<meta property=\"og:site_name\" content=\"Mar-Bella Collection\" \/>\n<meta property=\"article:published_time\" content=\"2024-12-23T10:04:02+00:00\" \/>\n<meta property=\"article:modified_time\" content=\"2025-02-06T11:52:53+00:00\" \/>\n<meta property=\"og:image\" content=\"https:\/\/www.marbella.gr\/app\/uploads\/2024\/12\/DSC01129-scaled.jpg\" \/>\n\t<meta property=\"og:image:width\" content=\"2560\" \/>\n\t<meta property=\"og:image:height\" content=\"1707\" \/>\n\t<meta property=\"og:image:type\" content=\"image\/jpeg\" \/>\n<meta name=\"author\" content=\"Rafaella Mygiaki\" \/>\n<meta name=\"twitter:card\" content=\"summary_large_image\" \/>\n<meta name=\"twitter:label1\" content=\"Verfasst von\" \/>\n\t<meta name=\"twitter:data1\" content=\"Rafaella Mygiaki\" \/>\n\t<meta name=\"twitter:label2\" content=\"Gesch\u00e4tzte Lesezeit\" \/>\n\t<meta name=\"twitter:data2\" content=\"1\u00a0Minute\" \/>\n<!-- \/ Yoast SEO plugin. -->","yoast_head_json":{"title":"Griechische K\u00f6che im Ausland V - Sammlung Mar-Bella","description":"Das kulinarische Festival \"Griechische K\u00f6che im Ausland\" von Mar-Bella Collections findet bereits zum f\u00fcnften Mal an den Ufern des Ionischen Meeres statt!","robots":{"index":"index","follow":"follow","max-snippet":"max-snippet:-1","max-image-preview":"max-image-preview:large","max-video-preview":"max-video-preview:-1"},"canonical":"https:\/\/www.marbella.gr\/de\/greek-chefs-abroad-v\/","og_locale":"de_DE","og_type":"article","og_title":"Greek Chefs Abroad V - Mar-Bella Collection","og_description":"Greek Chefs Abroad culinary festival by Mar-Bella Collections is back for its fifth year in the shores of the Ionias Sea!","og_url":"https:\/\/www.marbella.gr\/de\/greek-chefs-abroad-v\/","og_site_name":"Mar-Bella Collection","article_published_time":"2024-12-23T10:04:02+00:00","article_modified_time":"2025-02-06T11:52:53+00:00","og_image":[{"width":2560,"height":1707,"url":"https:\/\/www.marbella.gr\/app\/uploads\/2024\/12\/DSC01129-scaled.jpg","type":"image\/jpeg"}],"author":"Rafaella Mygiaki","twitter_card":"summary_large_image","twitter_misc":{"Verfasst von":"Rafaella Mygiaki","Gesch\u00e4tzte Lesezeit":"1\u00a0Minute"},"schema":{"@context":"https:\/\/schema.org","@graph":[{"@type":"Article","@id":"https:\/\/www.marbella.gr\/greek-chefs-abroad-v\/#article","isPartOf":{"@id":"https:\/\/www.marbella.gr\/greek-chefs-abroad-v\/"},"author":{"name":"Rafaella Mygiaki","@id":"https:\/\/www.marbella.gr\/#\/schema\/person\/40b0d3b74509934ff3e36aebb83d602f"},"headline":"Greek Chefs Abroad V","datePublished":"2024-12-23T10:04:02+00:00","dateModified":"2025-02-06T11:52:53+00:00","mainEntityOfPage":{"@id":"https:\/\/www.marbella.gr\/greek-chefs-abroad-v\/"},"wordCount":122,"publisher":{"@id":"https:\/\/www.marbella.gr\/#organization"},"image":{"@id":"https:\/\/www.marbella.gr\/greek-chefs-abroad-v\/#primaryimage"},"thumbnailUrl":"https:\/\/www.marbella.gr\/app\/uploads\/2024\/12\/DSC01129-scaled.jpg","articleSection":["Uncategorized"],"inLanguage":"de"},{"@type":"WebPage","@id":"https:\/\/www.marbella.gr\/greek-chefs-abroad-v\/","url":"https:\/\/www.marbella.gr\/greek-chefs-abroad-v\/","name":"Griechische K\u00f6che im Ausland V - Sammlung Mar-Bella","isPartOf":{"@id":"https:\/\/www.marbella.gr\/#website"},"primaryImageOfPage":{"@id":"https:\/\/www.marbella.gr\/greek-chefs-abroad-v\/#primaryimage"},"image":{"@id":"https:\/\/www.marbella.gr\/greek-chefs-abroad-v\/#primaryimage"},"thumbnailUrl":"https:\/\/www.marbella.gr\/app\/uploads\/2024\/12\/DSC01129-scaled.jpg","datePublished":"2024-12-23T10:04:02+00:00","dateModified":"2025-02-06T11:52:53+00:00","description":"Das kulinarische Festival \"Griechische K\u00f6che im Ausland\" von Mar-Bella Collections findet bereits zum f\u00fcnften Mal an den Ufern des Ionischen Meeres statt!","breadcrumb":{"@id":"https:\/\/www.marbella.gr\/greek-chefs-abroad-v\/#breadcrumb"},"inLanguage":"de","potentialAction":[{"@type":"ReadAction","target":["https:\/\/www.marbella.gr\/greek-chefs-abroad-v\/"]}]},{"@type":"ImageObject","inLanguage":"de","@id":"https:\/\/www.marbella.gr\/greek-chefs-abroad-v\/#primaryimage","url":"https:\/\/www.marbella.gr\/app\/uploads\/2024\/12\/DSC01129-scaled.jpg","contentUrl":"https:\/\/www.marbella.gr\/app\/uploads\/2024\/12\/DSC01129-scaled.jpg","width":2560,"height":1707,"caption":"Discover Mar-Bella Collection - 5 star hotels in Corfu, Parga Greece"},{"@type":"BreadcrumbList","@id":"https:\/\/www.marbella.gr\/greek-chefs-abroad-v\/#breadcrumb","itemListElement":[{"@type":"ListItem","position":1,"name":"Home","item":"https:\/\/www.marbella.gr\/"},{"@type":"ListItem","position":2,"name":"Greek Chefs Abroad V"}]},{"@type":"WebSite","@id":"https:\/\/www.marbella.gr\/#website","url":"https:\/\/www.marbella.gr\/","name":"MarBella","description":"Eine Familie von Hotels, die Sie mit dem wundersch\u00f6nen Ionischen Meer verbindet","publisher":{"@id":"https:\/\/www.marbella.gr\/#organization"},"alternateName":"MarBella","potentialAction":[{"@type":"SearchAction","target":{"@type":"EntryPoint","urlTemplate":"https:\/\/www.marbella.gr\/?s={search_term_string}"},"query-input":{"@type":"PropertyValueSpecification","valueRequired":true,"valueName":"search_term_string"}}],"inLanguage":"de"},{"@type":"Organization","@id":"https:\/\/www.marbella.gr\/#organization","name":"MarBella","url":"https:\/\/www.marbella.gr\/","logo":{"@type":"ImageObject","inLanguage":"de","@id":"https:\/\/www.marbella.gr\/#\/schema\/logo\/image\/","url":"https:\/\/www.marbella.gr\/app\/uploads\/2023\/06\/Marbella-collection.png","contentUrl":"https:\/\/www.marbella.gr\/app\/uploads\/2023\/06\/Marbella-collection.png","width":230,"height":75,"caption":"MarBella"},"image":{"@id":"https:\/\/www.marbella.gr\/#\/schema\/logo\/image\/"}},{"@type":"Person","@id":"https:\/\/www.marbella.gr\/#\/schema\/person\/40b0d3b74509934ff3e36aebb83d602f","name":"Rafaella Mygiaki","image":{"@type":"ImageObject","inLanguage":"de","@id":"https:\/\/secure.gravatar.com\/avatar\/e871a4849b8cab659d28a19af33e46b7a59676d500457d3bc256af124d877ad7?s=96&d=mm&r=g","url":"https:\/\/secure.gravatar.com\/avatar\/e871a4849b8cab659d28a19af33e46b7a59676d500457d3bc256af124d877ad7?s=96&d=mm&r=g","contentUrl":"https:\/\/secure.gravatar.com\/avatar\/e871a4849b8cab659d28a19af33e46b7a59676d500457d3bc256af124d877ad7?s=96&d=mm&r=g","caption":"Rafaella Mygiaki"},"url":"https:\/\/www.marbella.gr\/de\/author\/mygiaki\/"}]}},"_links":{"self":[{"href":"https:\/\/www.marbella.gr\/de\/wp-json\/wp\/v2\/posts\/9051","targetHints":{"allow":["GET"]}}],"collection":[{"href":"https:\/\/www.marbella.gr\/de\/wp-json\/wp\/v2\/posts"}],"about":[{"href":"https:\/\/www.marbella.gr\/de\/wp-json\/wp\/v2\/types\/post"}],"author":[{"embeddable":true,"href":"https:\/\/www.marbella.gr\/de\/wp-json\/wp\/v2\/users\/16"}],"replies":[{"embeddable":true,"href":"https:\/\/www.marbella.gr\/de\/wp-json\/wp\/v2\/comments?post=9051"}],"version-history":[{"count":8,"href":"https:\/\/www.marbella.gr\/de\/wp-json\/wp\/v2\/posts\/9051\/revisions"}],"predecessor-version":[{"id":9493,"href":"https:\/\/www.marbella.gr\/de\/wp-json\/wp\/v2\/posts\/9051\/revisions\/9493"}],"wp:featuredmedia":[{"embeddable":true,"href":"https:\/\/www.marbella.gr\/de\/wp-json\/wp\/v2\/media\/9052"}],"wp:attachment":[{"href":"https:\/\/www.marbella.gr\/de\/wp-json\/wp\/v2\/media?parent=9051"}],"wp:term":[{"taxonomy":"category","embeddable":true,"href":"https:\/\/www.marbella.gr\/de\/wp-json\/wp\/v2\/categories?post=9051"},{"taxonomy":"post_tag","embeddable":true,"href":"https:\/\/www.marbella.gr\/de\/wp-json\/wp\/v2\/tags?post=9051"}],"curies":[{"name":"wp","href":"https:\/\/api.w.org\/{rel}","templated":true}]}}