{"id":10592,"date":"2025-08-04T08:56:10","date_gmt":"2025-08-04T08:56:10","guid":{"rendered":"https:\/\/www.marbella.gr\/?p=10592"},"modified":"2025-08-13T10:43:36","modified_gmt":"2025-08-13T10:43:36","slug":"the-magic-of-mermaids","status":"publish","type":"post","link":"https:\/\/www.marbella.gr\/fr\/the-magic-of-mermaids\/","title":{"rendered":"La magie des sir\u00e8nes"},"content":{"rendered":"<p><i>Avec une vague d'espoir et une touche de d\u00e9termination, nous avons \u00e9t\u00e9 fiers de soutenir Mermaids in Action, en aidant \u00e0 apporter leur magie de sir\u00e8ne \u00e0 Agios Ioannis Peristeron. L'\u00e9v\u00e9nement de cette ann\u00e9e a inspir\u00e9 petits et grands, approfondissant notre amour collectif pour la mer. Par le biais d'un apprentissage pratique et de jeux suivis d'un nettoyage du littoral et des fonds marins, les enfants ont explor\u00e9 le r\u00f4le vital de la mer dans la vie de tous les jours. <\/i><strong><a href=\"https:\/\/www.marbella.gr\/fr\/experiences\/posidonia\/\"><em>Prairies de posidonies<\/em><\/a><\/strong>. Un exemple \u00e9clatant de la fa\u00e7on dont les communaut\u00e9s suscitent un dialogue constructif et peuvent cr\u00e9er un changement durable, une vague \u00e0 la fois.<\/p>","protected":false},"excerpt":{"rendered":"<p>With a wave of hope and a splash of purpose, we were proud to support Mermaids in Action, helping bring their mermaid magic to Agios Ioannis Peristeron. This year\u2019s event inspired young and old alike, deepening our collective love for the sea. Through hands-on learning and play followed by a shoreline and seabed cleanup, children [&#8230;]<\/p>\n<p><a class=\"btn btn-secondary understrap-read-more-link\" href=\"https:\/\/www.marbella.gr\/fr\/the-magic-of-mermaids\/\">Read More&#8230;<span class=\"screen-reader-text\"> from The magic of mermaids<\/span><\/a><\/p>\n","protected":false},"author":16,"featured_media":0,"comment_status":"closed","ping_status":"closed","sticky":false,"template":"","format":"standard","meta":{"_acf_changed":false,"footnotes":""},"categories":[1],"tags":[],"class_list":["post-10592","post","type-post","status-publish","format-standard","hentry","category-uncategorized"],"acf":[],"yoast_head":"<!-- This site is optimized with the Yoast SEO plugin v27.4 - https:\/\/yoast.com\/product\/yoast-seo-wordpress\/ -->\n<title>The magic of mermaids - Mar-Bella Collection<\/title>\n<meta name=\"robots\" content=\"index, follow, max-snippet:-1, max-image-preview:large, max-video-preview:-1\" \/>\n<link rel=\"canonical\" href=\"https:\/\/www.marbella.gr\/fr\/the-magic-of-mermaids\/\" \/>\n<meta property=\"og:locale\" content=\"fr_FR\" \/>\n<meta property=\"og:type\" content=\"article\" \/>\n<meta property=\"og:title\" content=\"The magic of mermaids - Mar-Bella Collection\" \/>\n<meta property=\"og:description\" content=\"With a wave of hope and a splash of purpose, we were proud to support Mermaids in Action, helping bring their mermaid magic to Agios Ioannis Peristeron. This year\u2019s event inspired young and old alike, deepening our collective love for the sea. Through hands-on learning and play followed by a shoreline and seabed cleanup, children [...]Read More... from The magic of mermaids\" \/>\n<meta property=\"og:url\" content=\"https:\/\/www.marbella.gr\/fr\/the-magic-of-mermaids\/\" \/>\n<meta property=\"og:site_name\" content=\"Mar-Bella Collection\" \/>\n<meta property=\"article:published_time\" content=\"2025-08-04T08:56:10+00:00\" \/>\n<meta property=\"article:modified_time\" content=\"2025-08-13T10:43:36+00:00\" \/>\n<meta property=\"og:image\" content=\"https:\/\/www.marbella.gr\/app\/uploads\/2024\/05\/Elix_Water-Sports-2-scaled.jpg\" \/>\n\t<meta property=\"og:image:width\" content=\"2560\" \/>\n\t<meta property=\"og:image:height\" content=\"1705\" \/>\n\t<meta property=\"og:image:type\" content=\"image\/jpeg\" \/>\n<meta name=\"author\" content=\"Rafaella Mygiaki\" \/>\n<meta name=\"twitter:card\" content=\"summary_large_image\" \/>\n<meta name=\"twitter:label1\" content=\"\u00c9crit par\" \/>\n\t<meta name=\"twitter:data1\" content=\"Rafaella Mygiaki\" \/>\n\t<meta name=\"twitter:label2\" content=\"Dur\u00e9e de lecture estim\u00e9e\" \/>\n\t<meta name=\"twitter:data2\" content=\"1 minute\" \/>\n<!-- \/ Yoast SEO plugin. -->","yoast_head_json":{"title":"La magie des sir\u00e8nes - Mar-Bella Collection","robots":{"index":"index","follow":"follow","max-snippet":"max-snippet:-1","max-image-preview":"max-image-preview:large","max-video-preview":"max-video-preview:-1"},"canonical":"https:\/\/www.marbella.gr\/fr\/the-magic-of-mermaids\/","og_locale":"fr_FR","og_type":"article","og_title":"The magic of mermaids - Mar-Bella Collection","og_description":"With a wave of hope and a splash of purpose, we were proud to support Mermaids in Action, helping bring their mermaid magic to Agios Ioannis Peristeron. This year\u2019s event inspired young and old alike, deepening our collective love for the sea. Through hands-on learning and play followed by a shoreline and seabed cleanup, children [...]Read More... from The magic of mermaids","og_url":"https:\/\/www.marbella.gr\/fr\/the-magic-of-mermaids\/","og_site_name":"Mar-Bella Collection","article_published_time":"2025-08-04T08:56:10+00:00","article_modified_time":"2025-08-13T10:43:36+00:00","og_image":[{"width":2560,"height":1705,"url":"https:\/\/www.marbella.gr\/app\/uploads\/2024\/05\/Elix_Water-Sports-2-scaled.jpg","type":"image\/jpeg"}],"author":"Rafaella Mygiaki","twitter_card":"summary_large_image","twitter_misc":{"\u00c9crit par":"Rafaella Mygiaki","Dur\u00e9e de lecture estim\u00e9e":"1 minute"},"schema":{"@context":"https:\/\/schema.org","@graph":[{"@type":"Article","@id":"https:\/\/www.marbella.gr\/the-magic-of-mermaids\/#article","isPartOf":{"@id":"https:\/\/www.marbella.gr\/the-magic-of-mermaids\/"},"author":{"name":"Rafaella Mygiaki","@id":"https:\/\/www.marbella.gr\/#\/schema\/person\/40b0d3b74509934ff3e36aebb83d602f"},"headline":"The magic of mermaids","datePublished":"2025-08-04T08:56:10+00:00","dateModified":"2025-08-13T10:43:36+00:00","mainEntityOfPage":{"@id":"https:\/\/www.marbella.gr\/the-magic-of-mermaids\/"},"wordCount":86,"publisher":{"@id":"https:\/\/www.marbella.gr\/#organization"},"articleSection":["Uncategorized"],"inLanguage":"fr-FR"},{"@type":"WebPage","@id":"https:\/\/www.marbella.gr\/the-magic-of-mermaids\/","url":"https:\/\/www.marbella.gr\/the-magic-of-mermaids\/","name":"La magie des sir\u00e8nes - Mar-Bella Collection","isPartOf":{"@id":"https:\/\/www.marbella.gr\/#website"},"datePublished":"2025-08-04T08:56:10+00:00","dateModified":"2025-08-13T10:43:36+00:00","breadcrumb":{"@id":"https:\/\/www.marbella.gr\/the-magic-of-mermaids\/#breadcrumb"},"inLanguage":"fr-FR","potentialAction":[{"@type":"ReadAction","target":["https:\/\/www.marbella.gr\/the-magic-of-mermaids\/"]}]},{"@type":"BreadcrumbList","@id":"https:\/\/www.marbella.gr\/the-magic-of-mermaids\/#breadcrumb","itemListElement":[{"@type":"ListItem","position":1,"name":"Home","item":"https:\/\/www.marbella.gr\/"},{"@type":"ListItem","position":2,"name":"The magic of mermaids"}]},{"@type":"WebSite","@id":"https:\/\/www.marbella.gr\/#website","url":"https:\/\/www.marbella.gr\/","name":"MarBella","description":"Une famille d'h\u00f4tels vous reliant \u00e0 la magnifique mer Ionienne","publisher":{"@id":"https:\/\/www.marbella.gr\/#organization"},"alternateName":"MarBella","potentialAction":[{"@type":"SearchAction","target":{"@type":"EntryPoint","urlTemplate":"https:\/\/www.marbella.gr\/?s={search_term_string}"},"query-input":{"@type":"PropertyValueSpecification","valueRequired":true,"valueName":"search_term_string"}}],"inLanguage":"fr-FR"},{"@type":"Organization","@id":"https:\/\/www.marbella.gr\/#organization","name":"MarBella","url":"https:\/\/www.marbella.gr\/","logo":{"@type":"ImageObject","inLanguage":"fr-FR","@id":"https:\/\/www.marbella.gr\/#\/schema\/logo\/image\/","url":"https:\/\/www.marbella.gr\/app\/uploads\/2023\/06\/Marbella-collection.png","contentUrl":"https:\/\/www.marbella.gr\/app\/uploads\/2023\/06\/Marbella-collection.png","width":230,"height":75,"caption":"MarBella"},"image":{"@id":"https:\/\/www.marbella.gr\/#\/schema\/logo\/image\/"}},{"@type":"Person","@id":"https:\/\/www.marbella.gr\/#\/schema\/person\/40b0d3b74509934ff3e36aebb83d602f","name":"Rafaella Mygiaki","image":{"@type":"ImageObject","inLanguage":"fr-FR","@id":"https:\/\/secure.gravatar.com\/avatar\/e871a4849b8cab659d28a19af33e46b7a59676d500457d3bc256af124d877ad7?s=96&d=mm&r=g","url":"https:\/\/secure.gravatar.com\/avatar\/e871a4849b8cab659d28a19af33e46b7a59676d500457d3bc256af124d877ad7?s=96&d=mm&r=g","contentUrl":"https:\/\/secure.gravatar.com\/avatar\/e871a4849b8cab659d28a19af33e46b7a59676d500457d3bc256af124d877ad7?s=96&d=mm&r=g","caption":"Rafaella Mygiaki"},"url":"https:\/\/www.marbella.gr\/fr\/author\/mygiaki\/"}]}},"_links":{"self":[{"href":"https:\/\/www.marbella.gr\/fr\/wp-json\/wp\/v2\/posts\/10592","targetHints":{"allow":["GET"]}}],"collection":[{"href":"https:\/\/www.marbella.gr\/fr\/wp-json\/wp\/v2\/posts"}],"about":[{"href":"https:\/\/www.marbella.gr\/fr\/wp-json\/wp\/v2\/types\/post"}],"author":[{"embeddable":true,"href":"https:\/\/www.marbella.gr\/fr\/wp-json\/wp\/v2\/users\/16"}],"replies":[{"embeddable":true,"href":"https:\/\/www.marbella.gr\/fr\/wp-json\/wp\/v2\/comments?post=10592"}],"version-history":[{"count":7,"href":"https:\/\/www.marbella.gr\/fr\/wp-json\/wp\/v2\/posts\/10592\/revisions"}],"predecessor-version":[{"id":10812,"href":"https:\/\/www.marbella.gr\/fr\/wp-json\/wp\/v2\/posts\/10592\/revisions\/10812"}],"wp:attachment":[{"href":"https:\/\/www.marbella.gr\/fr\/wp-json\/wp\/v2\/media?parent=10592"}],"wp:term":[{"taxonomy":"category","embeddable":true,"href":"https:\/\/www.marbella.gr\/fr\/wp-json\/wp\/v2\/categories?post=10592"},{"taxonomy":"post_tag","embeddable":true,"href":"https:\/\/www.marbella.gr\/fr\/wp-json\/wp\/v2\/tags?post=10592"}],"curies":[{"name":"wp","href":"https:\/\/api.w.org\/{rel}","templated":true}]}}