{"id":10632,"date":"2025-08-04T14:17:16","date_gmt":"2025-08-04T14:17:16","guid":{"rendered":"https:\/\/www.marbella.gr\/?p=10632"},"modified":"2025-08-06T08:11:18","modified_gmt":"2025-08-06T08:11:18","slug":"managing-energy-efficiently","status":"publish","type":"post","link":"https:\/\/www.marbella.gr\/fr\/managing-energy-efficiently\/","title":{"rendered":"G\u00e9rer efficacement l'\u00e9nergie"},"content":{"rendered":"<p><strong>G\u00e9rer efficacement l'\u00e9nergie <\/strong><\/p>\n<p>La gestion de l'\u00e9nergie est un \u00e9l\u00e9ment cl\u00e9 de notre engagement permanent en faveur du d\u00e9veloppement durable. Guid\u00e9s par un plan directeur quinquennal, revu et mis \u00e0 jour chaque ann\u00e9e, nous nous concentrons sur l'adoption de nouvelles technologies et l'am\u00e9lioration de l'efficacit\u00e9 dans toutes nos propri\u00e9t\u00e9s. Ce plan est enti\u00e8rement int\u00e9gr\u00e9 \u00e0 nos op\u00e9rations quotidiennes et \u00e0 notre planification budg\u00e9taire, ce qui nous aide \u00e0 faire des choix r\u00e9fl\u00e9chis et tourn\u00e9s vers l'avenir. Chaque \u00e9tape que nous franchissons, de la conception \u00e0 la mise en \u0153uvre, refl\u00e8te notre responsabilit\u00e9 en mati\u00e8re de gestion efficace de l'\u00e9nergie.<\/p>","protected":false},"excerpt":{"rendered":"<p>Managing energy efficiently Energy management is a key part of our ongoing commitment to sustainability. Guided by a five-year masterplan, reviewed and updated annually, we focus embracing new technologies, and improving efficiency across all our properties. This plan is fully woven into our daily operations and budget planning, helping us make thoughtful, forward-looking choices. Every [&#8230;]<\/p>\n<p><a class=\"btn btn-secondary understrap-read-more-link\" href=\"https:\/\/www.marbella.gr\/fr\/managing-energy-efficiently\/\">Read More&#8230;<span class=\"screen-reader-text\"> from Managing energy efficiently<\/span><\/a><\/p>\n","protected":false},"author":16,"featured_media":0,"comment_status":"closed","ping_status":"closed","sticky":false,"template":"","format":"standard","meta":{"_acf_changed":false,"footnotes":""},"categories":[1],"tags":[],"class_list":["post-10632","post","type-post","status-publish","format-standard","hentry","category-uncategorized"],"acf":[],"yoast_head":"<!-- This site is optimized with the Yoast SEO plugin v27.4 - https:\/\/yoast.com\/product\/yoast-seo-wordpress\/ -->\n<title>Managing energy efficiently - Mar-Bella Collection<\/title>\n<meta name=\"robots\" content=\"index, follow, max-snippet:-1, max-image-preview:large, max-video-preview:-1\" \/>\n<link rel=\"canonical\" href=\"https:\/\/www.marbella.gr\/fr\/managing-energy-efficiently\/\" \/>\n<meta property=\"og:locale\" content=\"fr_FR\" \/>\n<meta property=\"og:type\" content=\"article\" \/>\n<meta property=\"og:title\" content=\"Managing energy efficiently - Mar-Bella Collection\" \/>\n<meta property=\"og:description\" content=\"Managing energy efficiently Energy management is a key part of our ongoing commitment to sustainability. Guided by a five-year masterplan, reviewed and updated annually, we focus embracing new technologies, and improving efficiency across all our properties. This plan is fully woven into our daily operations and budget planning, helping us make thoughtful, forward-looking choices. Every [...]Read More... from Managing energy efficiently\" \/>\n<meta property=\"og:url\" content=\"https:\/\/www.marbella.gr\/fr\/managing-energy-efficiently\/\" \/>\n<meta property=\"og:site_name\" content=\"Mar-Bella Collection\" \/>\n<meta property=\"article:published_time\" content=\"2025-08-04T14:17:16+00:00\" \/>\n<meta property=\"article:modified_time\" content=\"2025-08-06T08:11:18+00:00\" \/>\n<meta property=\"og:image\" content=\"https:\/\/www.marbella.gr\/app\/uploads\/2024\/05\/Elix_Water-Sports-2-scaled.jpg\" \/>\n\t<meta property=\"og:image:width\" content=\"2560\" \/>\n\t<meta property=\"og:image:height\" content=\"1705\" \/>\n\t<meta property=\"og:image:type\" content=\"image\/jpeg\" \/>\n<meta name=\"author\" content=\"Rafaella Mygiaki\" \/>\n<meta name=\"twitter:card\" content=\"summary_large_image\" \/>\n<meta name=\"twitter:label1\" content=\"\u00c9crit par\" \/>\n\t<meta name=\"twitter:data1\" content=\"Rafaella Mygiaki\" \/>\n\t<meta name=\"twitter:label2\" content=\"Dur\u00e9e de lecture estim\u00e9e\" \/>\n\t<meta name=\"twitter:data2\" content=\"1 minute\" \/>\n<!-- \/ Yoast SEO plugin. -->","yoast_head_json":{"title":"G\u00e9rer efficacement l'\u00e9nergie - Mar-Bella Collection","robots":{"index":"index","follow":"follow","max-snippet":"max-snippet:-1","max-image-preview":"max-image-preview:large","max-video-preview":"max-video-preview:-1"},"canonical":"https:\/\/www.marbella.gr\/fr\/managing-energy-efficiently\/","og_locale":"fr_FR","og_type":"article","og_title":"Managing energy efficiently - Mar-Bella Collection","og_description":"Managing energy efficiently Energy management is a key part of our ongoing commitment to sustainability. Guided by a five-year masterplan, reviewed and updated annually, we focus embracing new technologies, and improving efficiency across all our properties. This plan is fully woven into our daily operations and budget planning, helping us make thoughtful, forward-looking choices. Every [...]Read More... from Managing energy efficiently","og_url":"https:\/\/www.marbella.gr\/fr\/managing-energy-efficiently\/","og_site_name":"Mar-Bella Collection","article_published_time":"2025-08-04T14:17:16+00:00","article_modified_time":"2025-08-06T08:11:18+00:00","og_image":[{"width":2560,"height":1705,"url":"https:\/\/www.marbella.gr\/app\/uploads\/2024\/05\/Elix_Water-Sports-2-scaled.jpg","type":"image\/jpeg"}],"author":"Rafaella Mygiaki","twitter_card":"summary_large_image","twitter_misc":{"\u00c9crit par":"Rafaella Mygiaki","Dur\u00e9e de lecture estim\u00e9e":"1 minute"},"schema":{"@context":"https:\/\/schema.org","@graph":[{"@type":"Article","@id":"https:\/\/www.marbella.gr\/managing-energy-efficiently\/#article","isPartOf":{"@id":"https:\/\/www.marbella.gr\/managing-energy-efficiently\/"},"author":{"name":"Rafaella Mygiaki","@id":"https:\/\/www.marbella.gr\/#\/schema\/person\/40b0d3b74509934ff3e36aebb83d602f"},"headline":"Managing energy efficiently","datePublished":"2025-08-04T14:17:16+00:00","dateModified":"2025-08-06T08:11:18+00:00","mainEntityOfPage":{"@id":"https:\/\/www.marbella.gr\/managing-energy-efficiently\/"},"wordCount":72,"publisher":{"@id":"https:\/\/www.marbella.gr\/#organization"},"articleSection":["Uncategorized"],"inLanguage":"fr-FR"},{"@type":"WebPage","@id":"https:\/\/www.marbella.gr\/managing-energy-efficiently\/","url":"https:\/\/www.marbella.gr\/managing-energy-efficiently\/","name":"G\u00e9rer efficacement l'\u00e9nergie - Mar-Bella Collection","isPartOf":{"@id":"https:\/\/www.marbella.gr\/#website"},"datePublished":"2025-08-04T14:17:16+00:00","dateModified":"2025-08-06T08:11:18+00:00","breadcrumb":{"@id":"https:\/\/www.marbella.gr\/managing-energy-efficiently\/#breadcrumb"},"inLanguage":"fr-FR","potentialAction":[{"@type":"ReadAction","target":["https:\/\/www.marbella.gr\/managing-energy-efficiently\/"]}]},{"@type":"BreadcrumbList","@id":"https:\/\/www.marbella.gr\/managing-energy-efficiently\/#breadcrumb","itemListElement":[{"@type":"ListItem","position":1,"name":"Home","item":"https:\/\/www.marbella.gr\/"},{"@type":"ListItem","position":2,"name":"Managing energy efficiently"}]},{"@type":"WebSite","@id":"https:\/\/www.marbella.gr\/#website","url":"https:\/\/www.marbella.gr\/","name":"MarBella","description":"Une famille d'h\u00f4tels vous reliant \u00e0 la magnifique mer Ionienne","publisher":{"@id":"https:\/\/www.marbella.gr\/#organization"},"alternateName":"MarBella","potentialAction":[{"@type":"SearchAction","target":{"@type":"EntryPoint","urlTemplate":"https:\/\/www.marbella.gr\/?s={search_term_string}"},"query-input":{"@type":"PropertyValueSpecification","valueRequired":true,"valueName":"search_term_string"}}],"inLanguage":"fr-FR"},{"@type":"Organization","@id":"https:\/\/www.marbella.gr\/#organization","name":"MarBella","url":"https:\/\/www.marbella.gr\/","logo":{"@type":"ImageObject","inLanguage":"fr-FR","@id":"https:\/\/www.marbella.gr\/#\/schema\/logo\/image\/","url":"https:\/\/www.marbella.gr\/app\/uploads\/2023\/06\/Marbella-collection.png","contentUrl":"https:\/\/www.marbella.gr\/app\/uploads\/2023\/06\/Marbella-collection.png","width":230,"height":75,"caption":"MarBella"},"image":{"@id":"https:\/\/www.marbella.gr\/#\/schema\/logo\/image\/"}},{"@type":"Person","@id":"https:\/\/www.marbella.gr\/#\/schema\/person\/40b0d3b74509934ff3e36aebb83d602f","name":"Rafaella Mygiaki","image":{"@type":"ImageObject","inLanguage":"fr-FR","@id":"https:\/\/secure.gravatar.com\/avatar\/e871a4849b8cab659d28a19af33e46b7a59676d500457d3bc256af124d877ad7?s=96&d=mm&r=g","url":"https:\/\/secure.gravatar.com\/avatar\/e871a4849b8cab659d28a19af33e46b7a59676d500457d3bc256af124d877ad7?s=96&d=mm&r=g","contentUrl":"https:\/\/secure.gravatar.com\/avatar\/e871a4849b8cab659d28a19af33e46b7a59676d500457d3bc256af124d877ad7?s=96&d=mm&r=g","caption":"Rafaella Mygiaki"},"url":"https:\/\/www.marbella.gr\/fr\/author\/mygiaki\/"}]}},"_links":{"self":[{"href":"https:\/\/www.marbella.gr\/fr\/wp-json\/wp\/v2\/posts\/10632","targetHints":{"allow":["GET"]}}],"collection":[{"href":"https:\/\/www.marbella.gr\/fr\/wp-json\/wp\/v2\/posts"}],"about":[{"href":"https:\/\/www.marbella.gr\/fr\/wp-json\/wp\/v2\/types\/post"}],"author":[{"embeddable":true,"href":"https:\/\/www.marbella.gr\/fr\/wp-json\/wp\/v2\/users\/16"}],"replies":[{"embeddable":true,"href":"https:\/\/www.marbella.gr\/fr\/wp-json\/wp\/v2\/comments?post=10632"}],"version-history":[{"count":3,"href":"https:\/\/www.marbella.gr\/fr\/wp-json\/wp\/v2\/posts\/10632\/revisions"}],"predecessor-version":[{"id":10698,"href":"https:\/\/www.marbella.gr\/fr\/wp-json\/wp\/v2\/posts\/10632\/revisions\/10698"}],"wp:attachment":[{"href":"https:\/\/www.marbella.gr\/fr\/wp-json\/wp\/v2\/media?parent=10632"}],"wp:term":[{"taxonomy":"category","embeddable":true,"href":"https:\/\/www.marbella.gr\/fr\/wp-json\/wp\/v2\/categories?post=10632"},{"taxonomy":"post_tag","embeddable":true,"href":"https:\/\/www.marbella.gr\/fr\/wp-json\/wp\/v2\/tags?post=10632"}],"curies":[{"name":"wp","href":"https:\/\/api.w.org\/{rel}","templated":true}]}}