{"id":10646,"date":"2025-08-04T14:47:01","date_gmt":"2025-08-04T14:47:01","guid":{"rendered":"https:\/\/www.marbella.gr\/?p=10646"},"modified":"2025-08-06T08:12:55","modified_gmt":"2025-08-06T08:12:55","slug":"playground-adoption","status":"publish","type":"post","link":"https:\/\/www.marbella.gr\/fr\/playground-adoption\/","title":{"rendered":"Adoption d'une aire de jeux"},"content":{"rendered":"<p>Bien que les d\u00e9tails ne soient pas encore connus, nous sommes fiers de partager l'adoption de deux terrains de jeux, l'un \u00e0 Perdika et l'autre \u00e0 Corfou. Ces projets seront enti\u00e8rement financ\u00e9s par nos soins et offerts aux municipalit\u00e9s locales, cr\u00e9ant ainsi des espaces s\u00fbrs et joyeux pour les enfants et les familles de la communaut\u00e9.<\/p>","protected":false},"excerpt":{"rendered":"<p>While details are still unfolding, we&#8217;re proud to share that we&#8217;ve taken on the adoption of two playgrounds, one in Perdika and one in Corfu. These projects will be fully funded by us and donated to the local municipalities, creating safe, joyful spaces for children and families in the community. [&#8230;]<\/p>\n<p><a class=\"btn btn-secondary understrap-read-more-link\" href=\"https:\/\/www.marbella.gr\/fr\/playground-adoption\/\">Read More&#8230;<span class=\"screen-reader-text\"> from Playground adoption<\/span><\/a><\/p>\n","protected":false},"author":16,"featured_media":0,"comment_status":"closed","ping_status":"closed","sticky":false,"template":"","format":"standard","meta":{"_acf_changed":false,"footnotes":""},"categories":[1],"tags":[],"class_list":["post-10646","post","type-post","status-publish","format-standard","hentry","category-uncategorized"],"acf":[],"yoast_head":"<!-- This site is optimized with the Yoast SEO plugin v27.4 - https:\/\/yoast.com\/product\/yoast-seo-wordpress\/ -->\n<title>Playground adoption - Mar-Bella Collection<\/title>\n<meta name=\"robots\" content=\"index, follow, max-snippet:-1, max-image-preview:large, max-video-preview:-1\" \/>\n<link rel=\"canonical\" href=\"https:\/\/www.marbella.gr\/fr\/playground-adoption\/\" \/>\n<meta property=\"og:locale\" content=\"fr_FR\" \/>\n<meta property=\"og:type\" content=\"article\" \/>\n<meta property=\"og:title\" content=\"Playground adoption - Mar-Bella Collection\" \/>\n<meta property=\"og:description\" content=\"While details are still unfolding, we&#8217;re proud to share that we&#8217;ve taken on the adoption of two playgrounds, one in Perdika and one in Corfu. These projects will be fully funded by us and donated to the local municipalities, creating safe, joyful spaces for children and families in the community. [...]Read More... from Playground adoption\" \/>\n<meta property=\"og:url\" content=\"https:\/\/www.marbella.gr\/fr\/playground-adoption\/\" \/>\n<meta property=\"og:site_name\" content=\"Mar-Bella Collection\" \/>\n<meta property=\"article:published_time\" content=\"2025-08-04T14:47:01+00:00\" \/>\n<meta property=\"article:modified_time\" content=\"2025-08-06T08:12:55+00:00\" \/>\n<meta property=\"og:image\" content=\"https:\/\/www.marbella.gr\/app\/uploads\/2024\/05\/Elix_Water-Sports-2-scaled.jpg\" \/>\n\t<meta property=\"og:image:width\" content=\"2560\" \/>\n\t<meta property=\"og:image:height\" content=\"1705\" \/>\n\t<meta property=\"og:image:type\" content=\"image\/jpeg\" \/>\n<meta name=\"author\" content=\"Rafaella Mygiaki\" \/>\n<meta name=\"twitter:card\" content=\"summary_large_image\" \/>\n<meta name=\"twitter:label1\" content=\"\u00c9crit par\" \/>\n\t<meta name=\"twitter:data1\" content=\"Rafaella Mygiaki\" \/>\n\t<meta name=\"twitter:label2\" content=\"Dur\u00e9e de lecture estim\u00e9e\" \/>\n\t<meta name=\"twitter:data2\" content=\"1 minute\" \/>\n<!-- \/ Yoast SEO plugin. -->","yoast_head_json":{"title":"Adoption d'un terrain de jeu - Collection Mar-Bella","robots":{"index":"index","follow":"follow","max-snippet":"max-snippet:-1","max-image-preview":"max-image-preview:large","max-video-preview":"max-video-preview:-1"},"canonical":"https:\/\/www.marbella.gr\/fr\/playground-adoption\/","og_locale":"fr_FR","og_type":"article","og_title":"Playground adoption - Mar-Bella Collection","og_description":"While details are still unfolding, we&#8217;re proud to share that we&#8217;ve taken on the adoption of two playgrounds, one in Perdika and one in Corfu. These projects will be fully funded by us and donated to the local municipalities, creating safe, joyful spaces for children and families in the community. [...]Read More... from Playground adoption","og_url":"https:\/\/www.marbella.gr\/fr\/playground-adoption\/","og_site_name":"Mar-Bella Collection","article_published_time":"2025-08-04T14:47:01+00:00","article_modified_time":"2025-08-06T08:12:55+00:00","og_image":[{"width":2560,"height":1705,"url":"https:\/\/www.marbella.gr\/app\/uploads\/2024\/05\/Elix_Water-Sports-2-scaled.jpg","type":"image\/jpeg"}],"author":"Rafaella Mygiaki","twitter_card":"summary_large_image","twitter_misc":{"\u00c9crit par":"Rafaella Mygiaki","Dur\u00e9e de lecture estim\u00e9e":"1 minute"},"schema":{"@context":"https:\/\/schema.org","@graph":[{"@type":"Article","@id":"https:\/\/www.marbella.gr\/playground-adoption\/#article","isPartOf":{"@id":"https:\/\/www.marbella.gr\/playground-adoption\/"},"author":{"name":"Rafaella Mygiaki","@id":"https:\/\/www.marbella.gr\/#\/schema\/person\/40b0d3b74509934ff3e36aebb83d602f"},"headline":"Playground adoption","datePublished":"2025-08-04T14:47:01+00:00","dateModified":"2025-08-06T08:12:55+00:00","mainEntityOfPage":{"@id":"https:\/\/www.marbella.gr\/playground-adoption\/"},"wordCount":54,"publisher":{"@id":"https:\/\/www.marbella.gr\/#organization"},"articleSection":["Uncategorized"],"inLanguage":"fr-FR"},{"@type":"WebPage","@id":"https:\/\/www.marbella.gr\/playground-adoption\/","url":"https:\/\/www.marbella.gr\/playground-adoption\/","name":"Adoption d'un terrain de jeu - Collection Mar-Bella","isPartOf":{"@id":"https:\/\/www.marbella.gr\/#website"},"datePublished":"2025-08-04T14:47:01+00:00","dateModified":"2025-08-06T08:12:55+00:00","breadcrumb":{"@id":"https:\/\/www.marbella.gr\/playground-adoption\/#breadcrumb"},"inLanguage":"fr-FR","potentialAction":[{"@type":"ReadAction","target":["https:\/\/www.marbella.gr\/playground-adoption\/"]}]},{"@type":"BreadcrumbList","@id":"https:\/\/www.marbella.gr\/playground-adoption\/#breadcrumb","itemListElement":[{"@type":"ListItem","position":1,"name":"Home","item":"https:\/\/www.marbella.gr\/"},{"@type":"ListItem","position":2,"name":"Playground adoption"}]},{"@type":"WebSite","@id":"https:\/\/www.marbella.gr\/#website","url":"https:\/\/www.marbella.gr\/","name":"MarBella","description":"Une famille d'h\u00f4tels vous reliant \u00e0 la magnifique mer Ionienne","publisher":{"@id":"https:\/\/www.marbella.gr\/#organization"},"alternateName":"MarBella","potentialAction":[{"@type":"SearchAction","target":{"@type":"EntryPoint","urlTemplate":"https:\/\/www.marbella.gr\/?s={search_term_string}"},"query-input":{"@type":"PropertyValueSpecification","valueRequired":true,"valueName":"search_term_string"}}],"inLanguage":"fr-FR"},{"@type":"Organization","@id":"https:\/\/www.marbella.gr\/#organization","name":"MarBella","url":"https:\/\/www.marbella.gr\/","logo":{"@type":"ImageObject","inLanguage":"fr-FR","@id":"https:\/\/www.marbella.gr\/#\/schema\/logo\/image\/","url":"https:\/\/www.marbella.gr\/app\/uploads\/2023\/06\/Marbella-collection.png","contentUrl":"https:\/\/www.marbella.gr\/app\/uploads\/2023\/06\/Marbella-collection.png","width":230,"height":75,"caption":"MarBella"},"image":{"@id":"https:\/\/www.marbella.gr\/#\/schema\/logo\/image\/"}},{"@type":"Person","@id":"https:\/\/www.marbella.gr\/#\/schema\/person\/40b0d3b74509934ff3e36aebb83d602f","name":"Rafaella Mygiaki","image":{"@type":"ImageObject","inLanguage":"fr-FR","@id":"https:\/\/secure.gravatar.com\/avatar\/e871a4849b8cab659d28a19af33e46b7a59676d500457d3bc256af124d877ad7?s=96&d=mm&r=g","url":"https:\/\/secure.gravatar.com\/avatar\/e871a4849b8cab659d28a19af33e46b7a59676d500457d3bc256af124d877ad7?s=96&d=mm&r=g","contentUrl":"https:\/\/secure.gravatar.com\/avatar\/e871a4849b8cab659d28a19af33e46b7a59676d500457d3bc256af124d877ad7?s=96&d=mm&r=g","caption":"Rafaella Mygiaki"},"url":"https:\/\/www.marbella.gr\/fr\/author\/mygiaki\/"}]}},"_links":{"self":[{"href":"https:\/\/www.marbella.gr\/fr\/wp-json\/wp\/v2\/posts\/10646","targetHints":{"allow":["GET"]}}],"collection":[{"href":"https:\/\/www.marbella.gr\/fr\/wp-json\/wp\/v2\/posts"}],"about":[{"href":"https:\/\/www.marbella.gr\/fr\/wp-json\/wp\/v2\/types\/post"}],"author":[{"embeddable":true,"href":"https:\/\/www.marbella.gr\/fr\/wp-json\/wp\/v2\/users\/16"}],"replies":[{"embeddable":true,"href":"https:\/\/www.marbella.gr\/fr\/wp-json\/wp\/v2\/comments?post=10646"}],"version-history":[{"count":3,"href":"https:\/\/www.marbella.gr\/fr\/wp-json\/wp\/v2\/posts\/10646\/revisions"}],"predecessor-version":[{"id":10703,"href":"https:\/\/www.marbella.gr\/fr\/wp-json\/wp\/v2\/posts\/10646\/revisions\/10703"}],"wp:attachment":[{"href":"https:\/\/www.marbella.gr\/fr\/wp-json\/wp\/v2\/media?parent=10646"}],"wp:term":[{"taxonomy":"category","embeddable":true,"href":"https:\/\/www.marbella.gr\/fr\/wp-json\/wp\/v2\/categories?post=10646"},{"taxonomy":"post_tag","embeddable":true,"href":"https:\/\/www.marbella.gr\/fr\/wp-json\/wp\/v2\/tags?post=10646"}],"curies":[{"name":"wp","href":"https:\/\/api.w.org\/{rel}","templated":true}]}}