{"id":9049,"date":"2024-12-23T09:56:48","date_gmt":"2024-12-23T09:56:48","guid":{"rendered":"https:\/\/www.marbella.gr\/?p=9049"},"modified":"2025-02-07T10:27:49","modified_gmt":"2025-02-07T10:27:49","slug":"fitness-wellness-weeks-by-oyogo","status":"publish","type":"post","link":"https:\/\/www.marbella.gr\/fr\/fitness-wellness-weeks-by-oyogo\/","title":{"rendered":"Semaines de la forme et du bien-\u00eatre par Oyogo"},"content":{"rendered":"<p>Les adeptes du fitness peuvent poursuivre leur voyage de bien-\u00eatre loin de chez eux. Apr\u00e8s deux ann\u00e9es de succ\u00e8s \u00e0 Elix et Nido, nos populaires semaines de remise en forme et de bien-\u00eatre en collaboration avec Oyogo s'\u00e9tendent maintenant \u00e0 Avali, notre superbe nouveau refuge en bord de mer qui ouvrira ses portes le 18 juillet.<sup>.<\/sup> 2025.  De mai \u00e0 septembre, profitez de cours gratuits et revigorants, notamment de yoga, de pilates, d'\u00e9tirements, de HIIT ou d'exercices au poids du corps, anim\u00e9s par des instructeurs internationaux de renom.<\/p>\n<p>Voir <strong>Programme 2025 <\/strong>et l'\u00e9quipe de l'\u00e9t\u00e9 dernier <a href=\"https:\/\/www.marbella.gr\/fr\/partnerships\/refresh-your-body-and-mind-2\/\" target=\"_blank\" rel=\"noopener\"><strong>ici\u00a0<\/strong><\/a><\/p>","protected":false},"excerpt":{"rendered":"<p>Fitness enthusiasts can continue their wellness journey while away from home. After two successful years at Elix and Nido,our popular fitness and wellness weeks in collaboration with Oyogo are now extending \u00a0to Avali\u2014our stunning new beachfront retreat opening on July 18th 2025. \u00a0From May to September, enjoy complimentary invigorating classes, including yoga, pilates, stretching, and [&#8230;]<\/p>\n<p><a class=\"btn btn-secondary understrap-read-more-link\" href=\"https:\/\/www.marbella.gr\/fr\/fitness-wellness-weeks-by-oyogo\/\">Read More&#8230;<span class=\"screen-reader-text\"> from Fitness &#038; wellness weeks by Oyogo<\/span><\/a><\/p>\n","protected":false},"author":16,"featured_media":8892,"comment_status":"closed","ping_status":"closed","sticky":false,"template":"","format":"standard","meta":{"_acf_changed":false,"footnotes":""},"categories":[1],"tags":[],"class_list":["post-9049","post","type-post","status-publish","format-standard","has-post-thumbnail","hentry","category-uncategorized"],"acf":[],"yoast_head":"<!-- This site is optimized with the Yoast SEO plugin v27.5 - https:\/\/yoast.com\/product\/yoast-seo-wordpress\/ -->\n<title>Fitness &amp; Wellness Weeks by Oyogo | Elix, Nido &amp; Avali, Mar-Bella Collection<\/title>\n<meta name=\"description\" content=\"Join the popular Fitness &amp; Wellness Weeks by Oyogo at Elix, Nido, and Avali. Enjoy complimentary yoga, pilates, HIIT, and more, led by renowned instructors.\" \/>\n<meta name=\"robots\" content=\"index, follow, max-snippet:-1, max-image-preview:large, max-video-preview:-1\" \/>\n<link rel=\"canonical\" href=\"https:\/\/www.marbella.gr\/fr\/fitness-wellness-weeks-by-oyogo\/\" \/>\n<meta property=\"og:locale\" content=\"fr_FR\" \/>\n<meta property=\"og:type\" content=\"article\" \/>\n<meta property=\"og:title\" content=\"Fitness &amp; Wellness Weeks by Oyogo | Elix, Nido &amp; Avali, Mar-Bella Collection\" \/>\n<meta property=\"og:description\" content=\"Join the popular Fitness &amp; Wellness Weeks by Oyogo at Elix, Nido, and Avali. Enjoy complimentary yoga, pilates, HIIT, and more, led by renowned instructors.\" \/>\n<meta property=\"og:url\" content=\"https:\/\/www.marbella.gr\/fr\/fitness-wellness-weeks-by-oyogo\/\" \/>\n<meta property=\"og:site_name\" content=\"Mar-Bella Collection\" \/>\n<meta property=\"article:published_time\" content=\"2024-12-23T09:56:48+00:00\" \/>\n<meta property=\"article:modified_time\" content=\"2025-02-07T10:27:49+00:00\" \/>\n<meta property=\"og:image\" content=\"https:\/\/www.marbella.gr\/app\/uploads\/2024\/11\/Nido_Yoga_Deck-11-scaled.jpg\" \/>\n\t<meta property=\"og:image:width\" content=\"2560\" \/>\n\t<meta property=\"og:image:height\" content=\"1920\" \/>\n\t<meta property=\"og:image:type\" content=\"image\/jpeg\" \/>\n<meta name=\"author\" content=\"Rafaella Mygiaki\" \/>\n<meta name=\"twitter:card\" content=\"summary_large_image\" \/>\n<meta name=\"twitter:label1\" content=\"\u00c9crit par\" \/>\n\t<meta name=\"twitter:data1\" content=\"Rafaella Mygiaki\" \/>\n\t<meta name=\"twitter:label2\" content=\"Dur\u00e9e de lecture estim\u00e9e\" \/>\n\t<meta name=\"twitter:data2\" content=\"1 minute\" \/>\n<!-- \/ Yoast SEO plugin. -->","yoast_head_json":{"title":"Semaines de la forme et du bien-\u00eatre par Oyogo | Elix, Nido &amp; Avali, Mar-Bella Collection","description":"Participez aux populaires semaines de la forme et du bien-\u00eatre organis\u00e9es par Oyogo \u00e0 Elix, Nido et Avali. Profitez des cours gratuits de yoga, de pilates, de HIIT et bien plus encore, anim\u00e9s par des instructeurs de renom.","robots":{"index":"index","follow":"follow","max-snippet":"max-snippet:-1","max-image-preview":"max-image-preview:large","max-video-preview":"max-video-preview:-1"},"canonical":"https:\/\/www.marbella.gr\/fr\/fitness-wellness-weeks-by-oyogo\/","og_locale":"fr_FR","og_type":"article","og_title":"Fitness & Wellness Weeks by Oyogo | Elix, Nido & Avali, Mar-Bella Collection","og_description":"Join the popular Fitness & Wellness Weeks by Oyogo at Elix, Nido, and Avali. Enjoy complimentary yoga, pilates, HIIT, and more, led by renowned instructors.","og_url":"https:\/\/www.marbella.gr\/fr\/fitness-wellness-weeks-by-oyogo\/","og_site_name":"Mar-Bella Collection","article_published_time":"2024-12-23T09:56:48+00:00","article_modified_time":"2025-02-07T10:27:49+00:00","og_image":[{"width":2560,"height":1920,"url":"https:\/\/www.marbella.gr\/app\/uploads\/2024\/11\/Nido_Yoga_Deck-11-scaled.jpg","type":"image\/jpeg"}],"author":"Rafaella Mygiaki","twitter_card":"summary_large_image","twitter_misc":{"\u00c9crit par":"Rafaella Mygiaki","Dur\u00e9e de lecture estim\u00e9e":"1 minute"},"schema":{"@context":"https:\/\/schema.org","@graph":[{"@type":"Article","@id":"https:\/\/www.marbella.gr\/fitness-wellness-weeks-by-oyogo\/#article","isPartOf":{"@id":"https:\/\/www.marbella.gr\/fitness-wellness-weeks-by-oyogo\/"},"author":{"name":"Rafaella Mygiaki","@id":"https:\/\/www.marbella.gr\/#\/schema\/person\/40b0d3b74509934ff3e36aebb83d602f"},"headline":"Fitness &#038; wellness weeks by Oyogo","datePublished":"2024-12-23T09:56:48+00:00","dateModified":"2025-02-07T10:27:49+00:00","mainEntityOfPage":{"@id":"https:\/\/www.marbella.gr\/fitness-wellness-weeks-by-oyogo\/"},"wordCount":82,"publisher":{"@id":"https:\/\/www.marbella.gr\/#organization"},"image":{"@id":"https:\/\/www.marbella.gr\/fitness-wellness-weeks-by-oyogo\/#primaryimage"},"thumbnailUrl":"https:\/\/www.marbella.gr\/app\/uploads\/2024\/11\/Nido_Yoga_Deck-11-scaled.jpg","articleSection":["Uncategorized"],"inLanguage":"fr-FR"},{"@type":"WebPage","@id":"https:\/\/www.marbella.gr\/fitness-wellness-weeks-by-oyogo\/","url":"https:\/\/www.marbella.gr\/fitness-wellness-weeks-by-oyogo\/","name":"Semaines de la forme et du bien-\u00eatre par Oyogo | Elix, Nido &amp; Avali, Mar-Bella Collection","isPartOf":{"@id":"https:\/\/www.marbella.gr\/#website"},"primaryImageOfPage":{"@id":"https:\/\/www.marbella.gr\/fitness-wellness-weeks-by-oyogo\/#primaryimage"},"image":{"@id":"https:\/\/www.marbella.gr\/fitness-wellness-weeks-by-oyogo\/#primaryimage"},"thumbnailUrl":"https:\/\/www.marbella.gr\/app\/uploads\/2024\/11\/Nido_Yoga_Deck-11-scaled.jpg","datePublished":"2024-12-23T09:56:48+00:00","dateModified":"2025-02-07T10:27:49+00:00","description":"Participez aux populaires semaines de la forme et du bien-\u00eatre organis\u00e9es par Oyogo \u00e0 Elix, Nido et Avali. Profitez des cours gratuits de yoga, de pilates, de HIIT et bien plus encore, anim\u00e9s par des instructeurs de renom.","breadcrumb":{"@id":"https:\/\/www.marbella.gr\/fitness-wellness-weeks-by-oyogo\/#breadcrumb"},"inLanguage":"fr-FR","potentialAction":[{"@type":"ReadAction","target":["https:\/\/www.marbella.gr\/fitness-wellness-weeks-by-oyogo\/"]}]},{"@type":"ImageObject","inLanguage":"fr-FR","@id":"https:\/\/www.marbella.gr\/fitness-wellness-weeks-by-oyogo\/#primaryimage","url":"https:\/\/www.marbella.gr\/app\/uploads\/2024\/11\/Nido_Yoga_Deck-11-scaled.jpg","contentUrl":"https:\/\/www.marbella.gr\/app\/uploads\/2024\/11\/Nido_Yoga_Deck-11-scaled.jpg","width":2560,"height":1920,"caption":"Discover Mar-Bella Collection - 5 star hotels in Corfu, Parga Greece"},{"@type":"BreadcrumbList","@id":"https:\/\/www.marbella.gr\/fitness-wellness-weeks-by-oyogo\/#breadcrumb","itemListElement":[{"@type":"ListItem","position":1,"name":"Home","item":"https:\/\/www.marbella.gr\/"},{"@type":"ListItem","position":2,"name":"Fitness &#038; wellness weeks by Oyogo"}]},{"@type":"WebSite","@id":"https:\/\/www.marbella.gr\/#website","url":"https:\/\/www.marbella.gr\/","name":"MarBella","description":"Une famille d'h\u00f4tels vous reliant \u00e0 la magnifique mer Ionienne","publisher":{"@id":"https:\/\/www.marbella.gr\/#organization"},"alternateName":"MarBella","potentialAction":[{"@type":"SearchAction","target":{"@type":"EntryPoint","urlTemplate":"https:\/\/www.marbella.gr\/?s={search_term_string}"},"query-input":{"@type":"PropertyValueSpecification","valueRequired":true,"valueName":"search_term_string"}}],"inLanguage":"fr-FR"},{"@type":"Organization","@id":"https:\/\/www.marbella.gr\/#organization","name":"MarBella","url":"https:\/\/www.marbella.gr\/","logo":{"@type":"ImageObject","inLanguage":"fr-FR","@id":"https:\/\/www.marbella.gr\/#\/schema\/logo\/image\/","url":"https:\/\/www.marbella.gr\/app\/uploads\/2023\/06\/Marbella-collection.png","contentUrl":"https:\/\/www.marbella.gr\/app\/uploads\/2023\/06\/Marbella-collection.png","width":230,"height":75,"caption":"MarBella"},"image":{"@id":"https:\/\/www.marbella.gr\/#\/schema\/logo\/image\/"}},{"@type":"Person","@id":"https:\/\/www.marbella.gr\/#\/schema\/person\/40b0d3b74509934ff3e36aebb83d602f","name":"Rafaella Mygiaki","image":{"@type":"ImageObject","inLanguage":"fr-FR","@id":"https:\/\/secure.gravatar.com\/avatar\/e871a4849b8cab659d28a19af33e46b7a59676d500457d3bc256af124d877ad7?s=96&d=mm&r=g","url":"https:\/\/secure.gravatar.com\/avatar\/e871a4849b8cab659d28a19af33e46b7a59676d500457d3bc256af124d877ad7?s=96&d=mm&r=g","contentUrl":"https:\/\/secure.gravatar.com\/avatar\/e871a4849b8cab659d28a19af33e46b7a59676d500457d3bc256af124d877ad7?s=96&d=mm&r=g","caption":"Rafaella Mygiaki"},"url":"https:\/\/www.marbella.gr\/fr\/author\/mygiaki\/"}]}},"_links":{"self":[{"href":"https:\/\/www.marbella.gr\/fr\/wp-json\/wp\/v2\/posts\/9049","targetHints":{"allow":["GET"]}}],"collection":[{"href":"https:\/\/www.marbella.gr\/fr\/wp-json\/wp\/v2\/posts"}],"about":[{"href":"https:\/\/www.marbella.gr\/fr\/wp-json\/wp\/v2\/types\/post"}],"author":[{"embeddable":true,"href":"https:\/\/www.marbella.gr\/fr\/wp-json\/wp\/v2\/users\/16"}],"replies":[{"embeddable":true,"href":"https:\/\/www.marbella.gr\/fr\/wp-json\/wp\/v2\/comments?post=9049"}],"version-history":[{"count":10,"href":"https:\/\/www.marbella.gr\/fr\/wp-json\/wp\/v2\/posts\/9049\/revisions"}],"predecessor-version":[{"id":9502,"href":"https:\/\/www.marbella.gr\/fr\/wp-json\/wp\/v2\/posts\/9049\/revisions\/9502"}],"wp:featuredmedia":[{"embeddable":true,"href":"https:\/\/www.marbella.gr\/fr\/wp-json\/wp\/v2\/media\/8892"}],"wp:attachment":[{"href":"https:\/\/www.marbella.gr\/fr\/wp-json\/wp\/v2\/media?parent=9049"}],"wp:term":[{"taxonomy":"category","embeddable":true,"href":"https:\/\/www.marbella.gr\/fr\/wp-json\/wp\/v2\/categories?post=9049"},{"taxonomy":"post_tag","embeddable":true,"href":"https:\/\/www.marbella.gr\/fr\/wp-json\/wp\/v2\/tags?post=9049"}],"curies":[{"name":"wp","href":"https:\/\/api.w.org\/{rel}","templated":true}]}}