{"id":9051,"date":"2024-12-23T10:04:02","date_gmt":"2024-12-23T10:04:02","guid":{"rendered":"https:\/\/www.marbella.gr\/?p=9051"},"modified":"2025-02-06T11:52:53","modified_gmt":"2025-02-06T11:52:53","slug":"greek-chefs-abroad-v","status":"publish","type":"post","link":"https:\/\/www.marbella.gr\/fr\/greek-chefs-abroad-v\/","title":{"rendered":"Chefs grecs \u00e0 l'\u00e9tranger V"},"content":{"rendered":"<p>Le festival culinaire Greek Chefs Abroad, organis\u00e9 par Mar-Bella Collections, est de retour pour la cinqui\u00e8me ann\u00e9e cons\u00e9cutive sur les rives de la mer de Ionias !<\/p>\n<p>Les aventures savoureuses de notre s\u00e9rie Greek Chefs Abroad ont remport\u00e9 un vif succ\u00e8s aupr\u00e8s des clients et des m\u00e9dias, et les chefs \u00e9toil\u00e9s invit\u00e9s, ainsi que nos \u00e9quipes internes, sont pr\u00eats \u00e0 exciter vos papilles gustatives dans chacun de nos h\u00f4tels cet \u00e9t\u00e9.<\/p>\n<p>Les <em>Chefs grecs \u00e0 l'\u00e9tranger<\/em> a captiv\u00e9 les clients et les m\u00e9dias, en mettant en sc\u00e8ne une gamme extraordinaire de chefs invit\u00e9s acclam\u00e9s qui collaborent avec nos \u00e9quipes internes qualifi\u00e9es. Pr\u00e9parez-vous \u00e0 un voyage culinaire inoubliable dans nos h\u00f4tels cet \u00e9t\u00e9. Restez \u00e0 l'\u00e9coute : d'autres d\u00e9tails d\u00e9licieux seront bient\u00f4t disponibles !<\/p>\n<p>&nbsp;<\/p>\n<p>Voir les faits marquants de l'ann\u00e9e pr\u00e9c\u00e9dente <a href=\"https:\/\/www.marbella.gr\/fr\/greek-chefs-abroad\/\" target=\"_blank\" rel=\"noopener\"><strong>ici<\/strong><\/a><\/p>","protected":false},"excerpt":{"rendered":"<p>Greek Chefs Abroad culinary festival by Mar-Bella Collections is back for its fifth year in the shores of the Ionian Sea! The tasty adventures of our Greek Chefs Abroad series has been a big hit with guests and media alike, and the starred line up of guest chefs together with our in-house teams are all-set [&#8230;]<\/p>\n<p><a class=\"btn btn-secondary understrap-read-more-link\" href=\"https:\/\/www.marbella.gr\/fr\/greek-chefs-abroad-v\/\">Read More&#8230;<span class=\"screen-reader-text\"> from Greek Chefs Abroad V<\/span><\/a><\/p>\n","protected":false},"author":16,"featured_media":9052,"comment_status":"closed","ping_status":"closed","sticky":false,"template":"","format":"standard","meta":{"_acf_changed":false,"footnotes":""},"categories":[1],"tags":[],"class_list":["post-9051","post","type-post","status-publish","format-standard","has-post-thumbnail","hentry","category-uncategorized"],"acf":[],"yoast_head":"<!-- This site is optimized with the Yoast SEO plugin v27.5 - https:\/\/yoast.com\/product\/yoast-seo-wordpress\/ -->\n<title>Greek Chefs Abroad V - Mar-Bella Collection<\/title>\n<meta name=\"description\" content=\"Greek Chefs Abroad culinary festival by Mar-Bella Collections is back for its fifth year in the shores of the Ionias Sea!\" \/>\n<meta name=\"robots\" content=\"index, follow, max-snippet:-1, max-image-preview:large, max-video-preview:-1\" \/>\n<link rel=\"canonical\" href=\"https:\/\/www.marbella.gr\/fr\/greek-chefs-abroad-v\/\" \/>\n<meta property=\"og:locale\" content=\"fr_FR\" \/>\n<meta property=\"og:type\" content=\"article\" \/>\n<meta property=\"og:title\" content=\"Greek Chefs Abroad V - Mar-Bella Collection\" \/>\n<meta property=\"og:description\" content=\"Greek Chefs Abroad culinary festival by Mar-Bella Collections is back for its fifth year in the shores of the Ionias Sea!\" \/>\n<meta property=\"og:url\" content=\"https:\/\/www.marbella.gr\/fr\/greek-chefs-abroad-v\/\" \/>\n<meta property=\"og:site_name\" content=\"Mar-Bella Collection\" \/>\n<meta property=\"article:published_time\" content=\"2024-12-23T10:04:02+00:00\" \/>\n<meta property=\"article:modified_time\" content=\"2025-02-06T11:52:53+00:00\" \/>\n<meta property=\"og:image\" content=\"https:\/\/www.marbella.gr\/app\/uploads\/2024\/12\/DSC01129-scaled.jpg\" \/>\n\t<meta property=\"og:image:width\" content=\"2560\" \/>\n\t<meta property=\"og:image:height\" content=\"1707\" \/>\n\t<meta property=\"og:image:type\" content=\"image\/jpeg\" \/>\n<meta name=\"author\" content=\"Rafaella Mygiaki\" \/>\n<meta name=\"twitter:card\" content=\"summary_large_image\" \/>\n<meta name=\"twitter:label1\" content=\"\u00c9crit par\" \/>\n\t<meta name=\"twitter:data1\" content=\"Rafaella Mygiaki\" \/>\n\t<meta name=\"twitter:label2\" content=\"Dur\u00e9e de lecture estim\u00e9e\" \/>\n\t<meta name=\"twitter:data2\" content=\"1 minute\" \/>\n<!-- \/ Yoast SEO plugin. -->","yoast_head_json":{"title":"Chefs grecs \u00e0 l'\u00e9tranger V - Collection Mar-Bella","description":"Le festival culinaire Greek Chefs Abroad, organis\u00e9 par Mar-Bella Collections, est de retour pour la cinqui\u00e8me ann\u00e9e cons\u00e9cutive sur les rives de la mer de Ionias !","robots":{"index":"index","follow":"follow","max-snippet":"max-snippet:-1","max-image-preview":"max-image-preview:large","max-video-preview":"max-video-preview:-1"},"canonical":"https:\/\/www.marbella.gr\/fr\/greek-chefs-abroad-v\/","og_locale":"fr_FR","og_type":"article","og_title":"Greek Chefs Abroad V - Mar-Bella Collection","og_description":"Greek Chefs Abroad culinary festival by Mar-Bella Collections is back for its fifth year in the shores of the Ionias Sea!","og_url":"https:\/\/www.marbella.gr\/fr\/greek-chefs-abroad-v\/","og_site_name":"Mar-Bella Collection","article_published_time":"2024-12-23T10:04:02+00:00","article_modified_time":"2025-02-06T11:52:53+00:00","og_image":[{"width":2560,"height":1707,"url":"https:\/\/www.marbella.gr\/app\/uploads\/2024\/12\/DSC01129-scaled.jpg","type":"image\/jpeg"}],"author":"Rafaella Mygiaki","twitter_card":"summary_large_image","twitter_misc":{"\u00c9crit par":"Rafaella Mygiaki","Dur\u00e9e de lecture estim\u00e9e":"1 minute"},"schema":{"@context":"https:\/\/schema.org","@graph":[{"@type":"Article","@id":"https:\/\/www.marbella.gr\/greek-chefs-abroad-v\/#article","isPartOf":{"@id":"https:\/\/www.marbella.gr\/greek-chefs-abroad-v\/"},"author":{"name":"Rafaella Mygiaki","@id":"https:\/\/www.marbella.gr\/#\/schema\/person\/40b0d3b74509934ff3e36aebb83d602f"},"headline":"Greek Chefs Abroad V","datePublished":"2024-12-23T10:04:02+00:00","dateModified":"2025-02-06T11:52:53+00:00","mainEntityOfPage":{"@id":"https:\/\/www.marbella.gr\/greek-chefs-abroad-v\/"},"wordCount":122,"publisher":{"@id":"https:\/\/www.marbella.gr\/#organization"},"image":{"@id":"https:\/\/www.marbella.gr\/greek-chefs-abroad-v\/#primaryimage"},"thumbnailUrl":"https:\/\/www.marbella.gr\/app\/uploads\/2024\/12\/DSC01129-scaled.jpg","articleSection":["Uncategorized"],"inLanguage":"fr-FR"},{"@type":"WebPage","@id":"https:\/\/www.marbella.gr\/greek-chefs-abroad-v\/","url":"https:\/\/www.marbella.gr\/greek-chefs-abroad-v\/","name":"Chefs grecs \u00e0 l'\u00e9tranger V - Collection Mar-Bella","isPartOf":{"@id":"https:\/\/www.marbella.gr\/#website"},"primaryImageOfPage":{"@id":"https:\/\/www.marbella.gr\/greek-chefs-abroad-v\/#primaryimage"},"image":{"@id":"https:\/\/www.marbella.gr\/greek-chefs-abroad-v\/#primaryimage"},"thumbnailUrl":"https:\/\/www.marbella.gr\/app\/uploads\/2024\/12\/DSC01129-scaled.jpg","datePublished":"2024-12-23T10:04:02+00:00","dateModified":"2025-02-06T11:52:53+00:00","description":"Le festival culinaire Greek Chefs Abroad, organis\u00e9 par Mar-Bella Collections, est de retour pour la cinqui\u00e8me ann\u00e9e cons\u00e9cutive sur les rives de la mer de Ionias !","breadcrumb":{"@id":"https:\/\/www.marbella.gr\/greek-chefs-abroad-v\/#breadcrumb"},"inLanguage":"fr-FR","potentialAction":[{"@type":"ReadAction","target":["https:\/\/www.marbella.gr\/greek-chefs-abroad-v\/"]}]},{"@type":"ImageObject","inLanguage":"fr-FR","@id":"https:\/\/www.marbella.gr\/greek-chefs-abroad-v\/#primaryimage","url":"https:\/\/www.marbella.gr\/app\/uploads\/2024\/12\/DSC01129-scaled.jpg","contentUrl":"https:\/\/www.marbella.gr\/app\/uploads\/2024\/12\/DSC01129-scaled.jpg","width":2560,"height":1707,"caption":"Discover Mar-Bella Collection - 5 star hotels in Corfu, Parga Greece"},{"@type":"BreadcrumbList","@id":"https:\/\/www.marbella.gr\/greek-chefs-abroad-v\/#breadcrumb","itemListElement":[{"@type":"ListItem","position":1,"name":"Home","item":"https:\/\/www.marbella.gr\/"},{"@type":"ListItem","position":2,"name":"Greek Chefs Abroad V"}]},{"@type":"WebSite","@id":"https:\/\/www.marbella.gr\/#website","url":"https:\/\/www.marbella.gr\/","name":"MarBella","description":"Une famille d'h\u00f4tels vous reliant \u00e0 la magnifique mer Ionienne","publisher":{"@id":"https:\/\/www.marbella.gr\/#organization"},"alternateName":"MarBella","potentialAction":[{"@type":"SearchAction","target":{"@type":"EntryPoint","urlTemplate":"https:\/\/www.marbella.gr\/?s={search_term_string}"},"query-input":{"@type":"PropertyValueSpecification","valueRequired":true,"valueName":"search_term_string"}}],"inLanguage":"fr-FR"},{"@type":"Organization","@id":"https:\/\/www.marbella.gr\/#organization","name":"MarBella","url":"https:\/\/www.marbella.gr\/","logo":{"@type":"ImageObject","inLanguage":"fr-FR","@id":"https:\/\/www.marbella.gr\/#\/schema\/logo\/image\/","url":"https:\/\/www.marbella.gr\/app\/uploads\/2023\/06\/Marbella-collection.png","contentUrl":"https:\/\/www.marbella.gr\/app\/uploads\/2023\/06\/Marbella-collection.png","width":230,"height":75,"caption":"MarBella"},"image":{"@id":"https:\/\/www.marbella.gr\/#\/schema\/logo\/image\/"}},{"@type":"Person","@id":"https:\/\/www.marbella.gr\/#\/schema\/person\/40b0d3b74509934ff3e36aebb83d602f","name":"Rafaella Mygiaki","image":{"@type":"ImageObject","inLanguage":"fr-FR","@id":"https:\/\/secure.gravatar.com\/avatar\/e871a4849b8cab659d28a19af33e46b7a59676d500457d3bc256af124d877ad7?s=96&d=mm&r=g","url":"https:\/\/secure.gravatar.com\/avatar\/e871a4849b8cab659d28a19af33e46b7a59676d500457d3bc256af124d877ad7?s=96&d=mm&r=g","contentUrl":"https:\/\/secure.gravatar.com\/avatar\/e871a4849b8cab659d28a19af33e46b7a59676d500457d3bc256af124d877ad7?s=96&d=mm&r=g","caption":"Rafaella Mygiaki"},"url":"https:\/\/www.marbella.gr\/fr\/author\/mygiaki\/"}]}},"_links":{"self":[{"href":"https:\/\/www.marbella.gr\/fr\/wp-json\/wp\/v2\/posts\/9051","targetHints":{"allow":["GET"]}}],"collection":[{"href":"https:\/\/www.marbella.gr\/fr\/wp-json\/wp\/v2\/posts"}],"about":[{"href":"https:\/\/www.marbella.gr\/fr\/wp-json\/wp\/v2\/types\/post"}],"author":[{"embeddable":true,"href":"https:\/\/www.marbella.gr\/fr\/wp-json\/wp\/v2\/users\/16"}],"replies":[{"embeddable":true,"href":"https:\/\/www.marbella.gr\/fr\/wp-json\/wp\/v2\/comments?post=9051"}],"version-history":[{"count":8,"href":"https:\/\/www.marbella.gr\/fr\/wp-json\/wp\/v2\/posts\/9051\/revisions"}],"predecessor-version":[{"id":9493,"href":"https:\/\/www.marbella.gr\/fr\/wp-json\/wp\/v2\/posts\/9051\/revisions\/9493"}],"wp:featuredmedia":[{"embeddable":true,"href":"https:\/\/www.marbella.gr\/fr\/wp-json\/wp\/v2\/media\/9052"}],"wp:attachment":[{"href":"https:\/\/www.marbella.gr\/fr\/wp-json\/wp\/v2\/media?parent=9051"}],"wp:term":[{"taxonomy":"category","embeddable":true,"href":"https:\/\/www.marbella.gr\/fr\/wp-json\/wp\/v2\/categories?post=9051"},{"taxonomy":"post_tag","embeddable":true,"href":"https:\/\/www.marbella.gr\/fr\/wp-json\/wp\/v2\/tags?post=9051"}],"curies":[{"name":"wp","href":"https:\/\/api.w.org\/{rel}","templated":true}]}}